[{"@context":"https:\/\/schema.org\/","@type":"Article","@id":"https:\/\/www.ardia.cz\/zajistete-si-uklid-kancelari\/#Article","mainEntityOfPage":"https:\/\/www.ardia.cz\/zajistete-si-uklid-kancelari\/","headline":"Zajist\u011bte si \u00faklid kancel\u00e1\u0159\u00ed","name":"Zajist\u011bte si \u00faklid kancel\u00e1\u0159\u00ed","description":"\u010cistota a uklizen\u00e9 prostory jsou d\u016fle\u017eit\u00e9. Nikdo p\u0159ece nechce \u017e\u00edt ve \u0161pinav\u00e9m prost\u0159ed\u00ed. A ve \u0161pinav\u00e9m prost\u0159ed\u00ed nechce nikdo ani pracovat. Proto, pokud vlastn\u00edte n\u011bjakou formu, m\u011bli byste se zam\u011b\u0159it na \u00faklid kancel\u00e1\u0159\u00ed, kter\u00e9 ve firm\u011b m\u00e1te. Je d\u016fle\u017eit\u00e9, najmout si firmu, kter\u00e1 opravdu v\u00ed, jak s \u00faklidem nalo\u017eit. Proto\u017ee co si budeme \u0159\u00edkat, ne [&hellip;]","datePublished":"2024-01-20","dateModified":"2024-02-21","author":{"@type":"Person","@id":"https:\/\/www.ardia.cz\/author\/#Person","name":"","url":"https:\/\/www.ardia.cz\/author\/","identifier":1,"image":{"@type":"ImageObject","@id":"https:\/\/secure.gravatar.com\/avatar\/e4532b7f65738965bbad8697e5bd54c0628af7bffe8d3c856885c44d86978cee?s=96&d=mm&r=g","url":"https:\/\/secure.gravatar.com\/avatar\/e4532b7f65738965bbad8697e5bd54c0628af7bffe8d3c856885c44d86978cee?s=96&d=mm&r=g","height":96,"width":96}},"publisher":{"@type":"Organization","name":"ardia.cz","logo":{"@type":"ImageObject","@id":"\/logo.png","url":"\/logo.png","width":600,"height":60}},"image":{"@type":"ImageObject","@id":"https:\/\/www.ardia.cz\/wp-content\/uploads\/jose-losada-DyFjxmHt3Es-unsplash.jpg","url":"https:\/\/www.ardia.cz\/wp-content\/uploads\/jose-losada-DyFjxmHt3Es-unsplash.jpg","height":0,"width":0},"url":"https:\/\/www.ardia.cz\/zajistete-si-uklid-kancelari\/","about":["Podnik\u00e1n\u00ed"],"wordCount":390,"articleBody":"      \u010cistota a uklizen\u00e9 prostory jsou d\u016fle\u017eit\u00e9. Nikdo p\u0159ece nechce \u017e\u00edt ve \u0161pinav\u00e9m prost\u0159ed\u00ed. A ve \u0161pinav\u00e9m prost\u0159ed\u00ed nechce nikdo ani pracovat. Proto, pokud vlastn\u00edte n\u011bjakou formu, m\u011bli byste se zam\u011b\u0159it na \u00faklid kancel\u00e1\u0159\u00ed, kter\u00e9 ve firm\u011b m\u00e1te.Je d\u016fle\u017eit\u00e9, najmout si firmu, kter\u00e1 opravdu v\u00ed, jak s \u00faklidem nalo\u017eit. Proto\u017ee co si budeme \u0159\u00edkat, ne v\u0161echny firmy na \u00faklid jsou kvalitn\u00ed, a ne v\u0161echny ukl\u00edzec\u00ed firmy odvedou dobrou pr\u00e1ci. N\u011bkter\u00e9 si vezmou velk\u00e9 pen\u00edze za nekvalitn\u00ed \u00faklid, a takovou firmu rozhodn\u011b najmout nechcete. Pokud m\u00e1te kancel\u00e1\u0159e v hlavn\u00edm m\u011bst\u011b, vyu\u017eijte nab\u00eddky \u00faklidu kancel\u00e1\u0159\u00ed Praha.Uklizen\u00e9 pracovn\u00ed prost\u0159ed\u00ed je d\u016fle\u017eit\u00e9 proto, aby se va\u0161i zam\u011bstnanci c\u00edtili ve firm\u011b dob\u0159e. Neuklizen\u00e9 prost\u0159ed\u00ed by mohlo podkop\u00e1vat jejich pracovn\u00ed mor\u00e1lku. Je toti\u017e dok\u00e1zan\u00e9 studiemi, \u017ee v \u010dist\u00e9m prost\u0159ed\u00ed, kter\u00e9 na ostatn\u00ed p\u016fsob\u00ed dob\u0159e, roste pracovn\u00ed produktivita.Takt\u00e9\u017e je to vizitka va\u0161\u00ed firmy. Do va\u0161ich kancel\u00e1\u0159\u00ed ur\u010dit\u011b nezav\u00edt\u00e1te jen vy a va\u0161i zam\u011bstnanci, ale budete m\u00edt i n\u00e1v\u0161t\u011bvy zven\u010d\u00ed. Mohou to b\u00fdt firmy, s kter\u00fdmi jedn\u00e1te, d\u016fle\u017eit\u00ed klienti nebo potencion\u00e1ln\u00ed z\u00e1kazn\u00edci. Jak by na n\u011b asi p\u016fsobilo, kdyby vid\u011bli neumyt\u00e1 okna, zapr\u00e1\u0161en\u00e9 stoly a nevynesen\u00e9 ko\u0161e? Ur\u010dit\u011b ne moc dob\u0159e. Uklizen\u00e9 pracovn\u00ed m\u00edsto vypov\u00edd\u00e1 o tom, jak se o va\u0161i firmu star\u00e1te.Men\u0161\u00ed \u00faklid by m\u011bl prob\u00edhat ka\u017ed\u00fd den. Ut\u0159en\u00ed povrch\u016f, podlah, stol\u016f, vynesen\u00ed ko\u0161\u016f, umyt\u00ed \u0161pinav\u00e9ho n\u00e1dob\u00ed, pokud je n\u011bjak\u00e9 p\u0159\u00edtomn\u00e9. Jednou nebo dvakr\u00e1t t\u00fddn\u011b by m\u011bl ur\u010dit\u011b ve firm\u011b prob\u011bhnout i v\u011bt\u0161\u00ed \u00faklid. Nap\u0159\u00edklad vys\u00e1v\u00e1n\u00ed koberc\u016f, ut\u0159en\u00ed prachu ze v\u0161ech povrch\u016f a jednou za \u010das i umyt\u00ed oken. Hodn\u011b budov, kde jsou kancel\u00e1\u0159e, m\u00e1 spoustu oken a opravdu nep\u016fsob\u00ed dob\u0159e, pokud jsou tak upatlan\u00e9, \u017ee p\u0159es n\u011b nen\u00ed ani vid\u011bt. Pokud je\u0161t\u011b nem\u00e1te zaji\u0161t\u011bn\u00fd \u00faklid va\u0161ich kancel\u00e1\u0159\u00ed, nev\u00e1hejte a najm\u011bte si \u00faklidovou firmu pro v\u00e1s je\u0161t\u011b dnes.                                                                                                                                                                                                                                                                                                                                                                                          4.7\/5 - (4 votes)        "},{"@context":"https:\/\/schema.org\/","@type":"BreadcrumbList","itemListElement":[{"@type":"ListItem","position":1,"name":"Zajist\u011bte si \u00faklid kancel\u00e1\u0159\u00ed","item":"https:\/\/www.ardia.cz\/zajistete-si-uklid-kancelari\/#breadcrumbitem"}]}]