[{"@context":"https:\/\/schema.org\/","@type":"Article","@id":"https:\/\/www.ardia.cz\/vyber-obleceni\/#Article","mainEntityOfPage":"https:\/\/www.ardia.cz\/vyber-obleceni\/","headline":"V\u00fdb\u011br oble\u010den\u00ed","name":"V\u00fdb\u011br oble\u010den\u00ed","description":"Star\u00e9 nebo nov\u00e9 v\u011bci. Ka\u017ed\u00fd z n\u00e1s se k tomu stav\u00ed r\u016fzn\u011b. Kdy\u017e jsme byly mal\u00ed babi\u010dky a maminky n\u00e1s u\u010dili \u017ee z\u00e1kladem je \u010dist\u00e9 a cel\u00e9 oble\u010den\u00ed. Neexistovala d\u00edra na kalhot\u00e1ch nebo tri\u010dku. To v \u017e\u00e1dn\u00e9m p\u0159\u00edpad\u011b. Nebylo tolik mo\u017enost\u00ed, a i t\u011bch pen\u011bz bylo m\u00e1lo. A tak se t\u0159eba oble\u010den\u00ed p\u0159e\u0161\u00edvalo a d\u011bdilo. [&hellip;]","datePublished":"2023-10-10","dateModified":"2023-11-13","author":{"@type":"Person","@id":"https:\/\/www.ardia.cz\/author\/#Person","name":"","url":"https:\/\/www.ardia.cz\/author\/","identifier":1,"image":{"@type":"ImageObject","@id":"https:\/\/secure.gravatar.com\/avatar\/e4532b7f65738965bbad8697e5bd54c0628af7bffe8d3c856885c44d86978cee?s=96&d=mm&r=g","url":"https:\/\/secure.gravatar.com\/avatar\/e4532b7f65738965bbad8697e5bd54c0628af7bffe8d3c856885c44d86978cee?s=96&d=mm&r=g","height":96,"width":96}},"publisher":{"@type":"Organization","name":"ardia.cz","logo":{"@type":"ImageObject","@id":"\/logo.png","url":"\/logo.png","width":600,"height":60}},"image":{"@type":"ImageObject","@id":"https:\/\/www.ardia.cz\/wp-content\/uploads\/material-540136_640_1.jpg","url":"https:\/\/www.ardia.cz\/wp-content\/uploads\/material-540136_640_1.jpg","height":0,"width":0},"url":"https:\/\/www.ardia.cz\/vyber-obleceni\/","about":["Produkty"],"wordCount":442,"articleBody":"      Star\u00e9 nebo nov\u00e9 v\u011bci. Ka\u017ed\u00fd z n\u00e1s se k tomu stav\u00ed r\u016fzn\u011b. Kdy\u017e jsme byly mal\u00ed babi\u010dky a maminky n\u00e1s u\u010dili \u017ee z\u00e1kladem je \u010dist\u00e9 a cel\u00e9 oble\u010den\u00ed. Neexistovala d\u00edra na kalhot\u00e1ch nebo tri\u010dku. To v \u017e\u00e1dn\u00e9m p\u0159\u00edpad\u011b. Nebylo tolik mo\u017enost\u00ed, a i t\u011bch pen\u011bz bylo m\u00e1lo. A tak se t\u0159eba oble\u010den\u00ed p\u0159e\u0161\u00edvalo a d\u011bdilo. Pokud se \u00fapln\u011b nerozpadlo. Pl\u00e1tno se tkalo a z toho se \u0161ili v\u011bci kter\u00e9 vydr\u017eeli dlouho. Pak ale p\u0159i\u0161la modern\u00ed doba a s n\u00ed i mo\u017enost v\u00fdb\u011bru z r\u016fzn\u00fdch zna\u010dek. M\u016f\u017eete si vybrat materi\u00e1l jak\u00fd chcete.\u010ci u\u017e je to d\u017e\u00ednovina nebo riflovina, bavlna nebo man\u0161estr. Z\u00e1le\u017e\u00ed jenom na v\u00e1s. Samoz\u0159ejm\u011b taky rozhoduje to, na jakou p\u0159\u00edle\u017eitost bude oble\u010den\u00ed slou\u017eit. Jestli je to do \u0161koly a na proch\u00e1zky nebo do divadla a opery, nebo na oslavu babi\u010d\u010din\u00fdch narozenin. To je v p\u0159\u00edpadech \u017ee u\u017e chceme hotov\u00e9 oble\u010den\u00ed. Jsou ale mezi n\u00e1mi i takov\u00ed, kter\u00e9 bav\u00ed od mali\u010dka \u0161\u00edt. Sami si navrhnou ko\u0161ili, kalhoty nebo sukni a ty si pak u\u0161ij\u00ed. Pro n\u011bkter\u00e9 se to pak stane i povol\u00e1n\u00edm a n\u011bkte\u0159\u00ed to maj\u00ed jako kon\u00ed\u010dek. A tak sem tam n\u011bco u\u0161ij\u00ed i pro zn\u00e1me. Jejich v\u00fdrobky jsou v podstat\u011b origin\u00e1ly. Ur\u010dit\u011b m\u00e1te n\u011bkoho takov\u00e9ho v okol\u00ed, nebo ho minim\u00e1ln\u011b zn\u00e1te z poslechu. M\u00e1me pro v\u00e1s n\u00e1pad, kter\u00fd by se v\u00e1m mohl zal\u00edbit.Milujete \u0161us\u0165\u00e1kovinu a cht\u011bli byste, z toho origin\u00e1ln\u00ed kus. Co tak \u0161us\u0165\u00e1kovina metr\u00e1\u017e? Ano dob\u0159e \u010dtete kliknut\u00edm na odkaz v tomhle \u010dl\u00e1nku se dostanete do internetov\u00e9ho obchodu s touto l\u00e1tkou. Dozv\u00edte se tam v\u0161e. Jak\u00e1 je gram\u00e1\u017e l\u00e1tky, tlou\u0161\u0165ka, \u0161\u00ed\u0159ka a taky cena. Chod\u00edte r\u00e1di na vandry? V nab\u00eddce najdete mask\u00e1\u010dov\u00fd vzor. Kdy\u017e si d\u00e1te u\u0161it kalhoty a vestu m\u00e1te jistotu, \u017ee takov\u00e9 nebude m\u00edt nikdo, proto\u017ee si tam m\u016f\u017eete vymyslet kapsy a zipy a r\u016fzn\u00e9 dopl\u0148ky. Taky najdete v nab\u00eddce pro\u0161\u00edvanou \u0161us\u0165\u00e1kovinu ide\u00e1ln\u00ed na u\u0161it\u00ed oble\u010den\u00ed na podzim a zimu. St\u00e1le je\u0161t\u011b v\u00e1h\u00e1te? Ur\u010dit\u011b se pod\u00edvejte a mo\u017en\u00e1 tam objev\u00edte i n\u011bco jin\u00e9ho do v\u00e1s zaujme.                                                                                                                                                                                                                                                                                                                                                                                           4.7\/5 - (4 votes)        "},{"@context":"https:\/\/schema.org\/","@type":"BreadcrumbList","itemListElement":[{"@type":"ListItem","position":1,"name":"V\u00fdb\u011br oble\u010den\u00ed","item":"https:\/\/www.ardia.cz\/vyber-obleceni\/#breadcrumbitem"}]}]