[{"@context":"https:\/\/schema.org\/","@type":"Article","@id":"https:\/\/www.ardia.cz\/teste-se-na-jarni-dovolenou-v-ceskych-budejovicich\/#Article","mainEntityOfPage":"https:\/\/www.ardia.cz\/teste-se-na-jarni-dovolenou-v-ceskych-budejovicich\/","headline":"T\u011b\u0161te se na jarn\u00ed dovolenou v \u010cesk\u00fdch Bud\u011bjovic\u00edch","name":"T\u011b\u0161te se na jarn\u00ed dovolenou v \u010cesk\u00fdch Bud\u011bjovic\u00edch","description":"Co je tak zaj\u00edmav\u00e9ho v \u010cesk\u00fdch Bud\u011bjovic\u00edch, \u017ee v\u00e1s tam zveme na jarn\u00ed dovolenou? A nav\u00edc na ja\u0159e, kdy je do b\u011b\u017en\u00fdch dovolenkov\u00fdch term\u00edn\u016f je\u0161t\u011b daleko, nen\u00ed to p\u0159ed\u010dasn\u00e9 a zbrkl\u00e9? Ur\u010dit\u011b nen\u00ed, proto\u017ee penziony v \u010cesk\u00fdch Bud\u011bjovic\u00edch v\u00e1m mohou nab\u00eddnout to, co v jin\u00fdch regionech v republice nenajdete. M\u00edt kam vyrazit \u2013 kdy\u017e se [&hellip;]","datePublished":"2023-10-13","dateModified":"2023-11-13","author":{"@type":"Person","@id":"https:\/\/www.ardia.cz\/author\/#Person","name":"","url":"https:\/\/www.ardia.cz\/author\/","identifier":1,"image":{"@type":"ImageObject","@id":"https:\/\/secure.gravatar.com\/avatar\/e4532b7f65738965bbad8697e5bd54c0628af7bffe8d3c856885c44d86978cee?s=96&d=mm&r=g","url":"https:\/\/secure.gravatar.com\/avatar\/e4532b7f65738965bbad8697e5bd54c0628af7bffe8d3c856885c44d86978cee?s=96&d=mm&r=g","height":96,"width":96}},"publisher":{"@type":"Organization","name":"ardia.cz","logo":{"@type":"ImageObject","@id":"\/logo.png","url":"\/logo.png","width":600,"height":60}},"image":{"@type":"ImageObject","@id":"https:\/\/www.ardia.cz\/wp-content\/uploads\/monastery-6823261_640.jpg","url":"https:\/\/www.ardia.cz\/wp-content\/uploads\/monastery-6823261_640.jpg","height":0,"width":0},"url":"https:\/\/www.ardia.cz\/teste-se-na-jarni-dovolenou-v-ceskych-budejovicich\/","about":["Podnik\u00e1n\u00ed"],"wordCount":428,"articleBody":"   Co je tak zaj\u00edmav\u00e9ho v \u010cesk\u00fdch Bud\u011bjovic\u00edch, \u017ee v\u00e1s tam zveme na jarn\u00ed dovolenou? A nav\u00edc na ja\u0159e, kdy je do b\u011b\u017en\u00fdch dovolenkov\u00fdch term\u00edn\u016f je\u0161t\u011b daleko, nen\u00ed to p\u0159ed\u010dasn\u00e9 a zbrkl\u00e9? Ur\u010dit\u011b nen\u00ed, proto\u017ee penziony v \u010cesk\u00fdch Bud\u011bjovic\u00edch v\u00e1m mohou nab\u00eddnout to, co v jin\u00fdch regionech v republice nenajdete.M\u00edt kam vyrazit \u2013 kdy\u017e se ubytujete v kr\u00e1sn\u00e9m rodinn\u00e9m hot\u00fdlku, kter\u00fd nab\u00edz\u00ed wellness slu\u017eby, hotelov\u00fd baz\u00e9n, vlastn\u00ed tenisov\u00e9 kurty \u010di golfov\u00e9 h\u0159i\u0161t\u011b, m\u016f\u017ee se v\u00e1m to zd\u00e1t zpo\u010d\u00e1tku \u00fachvatn\u00e9 a prvn\u00ed dva dny se tu ur\u010dit\u011b nudit nebudete. Ale co pak? Co kdy\u017e je hotel um\u00edst\u011bn v zem\u011bd\u011blsk\u00e9 oblasti, kde jsou v okol\u00ed jen sam\u00e9 \u0161irok\u00e9 l\u00e1ny oset\u00e9 obil\u00edm, a na druh\u00e9 stran\u011b o sob\u011b d\u00e1v\u00e1 na v\u011bdom\u00ed tov\u00e1rn\u00ed kom\u00edn s rozs\u00e1hl\u00fdm parkovi\u0161t\u011bm? Nudn\u00e1 krajina v okol\u00ed hot\u00fdlku v\u00e1s rozhodn\u011b nepot\u011b\u0161\u00ed a p\u0159\u00ed\u0161t\u011b u\u017e se sem mo\u017en\u00e1 nevr\u00e1t\u00edte. Toto se v\u00e1m v\u0161ak v \u010cesk\u00fdch Bud\u011bjovic\u00edch nem\u016f\u017ee st\u00e1t. Sta\u010d\u00ed nahl\u00e9dnout do turistick\u00e9 mapy a bude v\u00e1m jasno. \u010cesk\u00fd Krumlov, T\u0159ebo\u0148, Hlubok\u00e1 nad Vltavou \u2013 a to nen\u00ed zdaleka v\u0161e, kam byste mohli zav\u00edtat. P\u0159idejme je\u0161t\u011b horn\u00ed tok Vltavy, p\u0159ehradu Lipno, \u010certovy proudy a \u010certovu st\u011bnu \u2013 Lu\u010d, Zlatou Korunu, hrad Ro\u017emberk nad Vltavou, Vy\u0161\u0161\u00ed Brod, T\u0159\u00edsov, rozhlednu na Kleti, Nov\u00e9 Hrady, Ter\u010dino \u00fadol\u00ed, zoopark v Borovanech, p\u00edskovny u Suchdola a Vesel\u00ed nad Lu\u017enic\u00ed a cel\u00fd malebn\u00fd horn\u00ed tok Lu\u017enice, Nov\u00e9 \u0159eky a Ne\u017e\u00e1rky.V \u010cesk\u00fdch Bud\u011bjovic\u00edch se sp\u00ed\u0161e dostanete do opa\u010dn\u00e9ho extr\u00e9mu, kdy nebudete schopni se shodnout na tom, kam se vydat dnes, a kam z\u00edtra, poz\u00edt\u0159\u00ed a dal\u0161\u00ed dny.A jedna rada na z\u00e1v\u011br: Jarn\u00ed obdob\u00ed, kdy v\u0161e venku rozkv\u00e9t\u00e1 po\u010d\u00ednaje tulip\u00e1ny a narcisy a kon\u010de ovocn\u00fdmi stromy, je ide\u00e1ln\u00ed \u010das, kdy vyt\u00e1hnout z futr\u00e1lu fotoapar\u00e1t. Budete tu m\u00edt mnoho p\u0159\u00edle\u017eitost\u00ed, nap\u0159\u00edklad v bl\u00edzkosti \u0159eky Lu\u017enice, Mal\u0161e a Vltavy, kter\u00e9 tudy prot\u00e9kaj\u00ed. P\u016fsobiv\u00fd bude i dalek\u00fd rozhled z T\u0159\u00edsova \u2013 Nad Vs\u00ed a z rozhledny na Kleti anebo z Dlouh\u00e9ho vrchu u obce Dubi\u010dn\u00e9 nedaleko Rudolfova.                                                                                                                                                                                                                                                                                                                                                                                          4.2\/5 - (9 votes)        "},{"@context":"https:\/\/schema.org\/","@type":"BreadcrumbList","itemListElement":[{"@type":"ListItem","position":1,"name":"T\u011b\u0161te se na jarn\u00ed dovolenou v \u010cesk\u00fdch Bud\u011bjovic\u00edch","item":"https:\/\/www.ardia.cz\/teste-se-na-jarni-dovolenou-v-ceskych-budejovicich\/#breadcrumbitem"}]}]