[{"@context":"https:\/\/schema.org\/","@type":"Article","@id":"https:\/\/www.ardia.cz\/ach-ta-minimalni-mzda\/#Article","mainEntityOfPage":"https:\/\/www.ardia.cz\/ach-ta-minimalni-mzda\/","headline":"Ach, ta minim\u00e1ln\u00ed mzda","name":"Ach, ta minim\u00e1ln\u00ed mzda","description":"Ka\u017ed\u00fd rok se o n\u00ed vedou s\u00e1hodlouh\u00e9 debaty, kter\u00e9 stejn\u011b v\u011bt\u0161inou kon\u010d\u00ed nespokojenost\u00ed na obou stran\u00e1ch. Politick\u00e9 strany ji pou\u017e\u00edvaj\u00ed jako n\u00e1vnadu na sv\u00e9 voli\u010de spole\u010dn\u011b s navy\u0161ov\u00e1n\u00edm d\u016fchod\u016f. V\u00edte, o kom je \u0159e\u010d? Ano, jedn\u00e1 se o minim\u00e1ln\u00ed mzdu! Dal\u0161\u00edm probl\u00e9mem je, \u017ee se v t\u00e9to problematice ve fin\u00e1le nevyznaj\u00ed ani zam\u011bstnanci, kter\u00fdch se [&hellip;]","datePublished":"2021-04-11","dateModified":"2021-04-11","author":{"@type":"Person","@id":"https:\/\/www.ardia.cz\/author\/#Person","name":"","url":"https:\/\/www.ardia.cz\/author\/","identifier":1,"image":{"@type":"ImageObject","@id":"https:\/\/secure.gravatar.com\/avatar\/e4532b7f65738965bbad8697e5bd54c0628af7bffe8d3c856885c44d86978cee?s=96&d=mm&r=g","url":"https:\/\/secure.gravatar.com\/avatar\/e4532b7f65738965bbad8697e5bd54c0628af7bffe8d3c856885c44d86978cee?s=96&d=mm&r=g","height":96,"width":96}},"publisher":{"@type":"Organization","name":"ardia.cz","logo":{"@type":"ImageObject","@id":"\/logo.png","url":"\/logo.png","width":600,"height":60}},"image":{"@type":"ImageObject","@id":"https:\/\/www.ardia.cz\/wp-content\/uploads\/p%C5%99epo%C4%8D%C3%ADt%C3%A1v%C3%A1n%C3%AD%20pen%C4%9Bz.jpg","url":"https:\/\/www.ardia.cz\/wp-content\/uploads\/p%C5%99epo%C4%8D%C3%ADt%C3%A1v%C3%A1n%C3%AD%20pen%C4%9Bz.jpg","height":0,"width":0},"url":"https:\/\/www.ardia.cz\/ach-ta-minimalni-mzda\/","about":["Produkty"],"wordCount":492,"articleBody":"      Ka\u017ed\u00fd rok se o n\u00ed vedou s\u00e1hodlouh\u00e9 debaty, kter\u00e9 stejn\u011b v\u011bt\u0161inou kon\u010d\u00ed nespokojenost\u00ed na obou stran\u00e1ch. Politick\u00e9 strany ji pou\u017e\u00edvaj\u00ed jako n\u00e1vnadu na sv\u00e9 voli\u010de spole\u010dn\u011b s navy\u0161ov\u00e1n\u00edm d\u016fchod\u016f. V\u00edte, o kom je \u0159e\u010d? Ano, jedn\u00e1 se o minim\u00e1ln\u00ed mzdu! Dal\u0161\u00edm probl\u00e9mem je, \u017ee se v t\u00e9to problematice ve fin\u00e1le nevyznaj\u00ed ani zam\u011bstnanci, kter\u00fdch se v\u011bc t\u00fdk\u00e1 nejv\u00edce. Poj\u010fme si tedy spole\u010dn\u011b ujasnit p\u00e1r z\u00e1kladn\u00edch bod\u016f, pravidel a pop\u0159\u00edpad\u011b si sd\u011blit tak\u00e9 mo\u017en\u00e1 n\u011bco, co jste doposud ani netu\u0161ili.Nejd\u0159\u00edve se pod\u00edvejme na z\u00e1kladn\u00ed definici, kter\u00e1 zn\u00ed, \u017ee se jedn\u00e1 o \u010d\u00e1stku za mzdu, kter\u00e1 je st\u00e1tem garantov\u00e1na. Zam\u011bstnanec tedy za svou pr\u00e1ci nem\u016f\u017ee obdr\u017eet ni\u017e\u0161\u00ed mzdu, ne\u017e je v tomto aktu\u00e1ln\u00edm roce 15 200 korun \u010desk\u00fdch minim\u00e1ln\u00ed mzda 2021, co\u017e je v p\u0159epo\u010dtu 90,50 korun \u010desk\u00fdch na hodinu. Posledn\u00ed n\u00e1r\u016fst minim\u00e1ln\u00ed mzdy se odehr\u00e1l v minul\u00e9m roce a do\u0161lo k nav\u00fd\u0161en\u00ed o 600 korun, tedy minim\u00e1ln\u00ed mzda \u010dinila 14 600 korun. Velice d\u016fle\u017eit\u00e9 v t\u00e9to problematice je zm\u00ednit, \u017ee n\u00e1rok na tuto \u010d\u00e1stku zaru\u010denou st\u00e1tem vznik\u00e1 v p\u0159\u00edpad\u011b, \u017ee pracujete v z\u00e1kladn\u00edm pracovn\u011bpr\u00e1vn\u00edm vztahu. Pamatovat bychom si tak\u00e9 m\u011bli, \u017ee do t\u00e9to mzdy se nezapo\u010d\u00edt\u00e1vaj\u00ed p\u0159es\u010dasy, sv\u00e1tky a nejr\u016fzn\u011bj\u0161\u00ed p\u0159\u00edplatky (nap\u0159\u00edklad za pr\u00e1ci ve sn\u00ed\u017een\u00e9m pracovn\u00edm prost\u0159ed\u00ed, pr\u00e1ci p\u0159es noc anebo za pr\u00e1ci konanou o v\u00edkendu).Z\u00e1kladem pro stanoven\u00ed minim\u00e1ln\u00ed mzdy jsou samoz\u0159ejm\u011b finan\u010dn\u00ed n\u00e1klady, kter\u00e9 mus\u00edme vynalo\u017eit na zaji\u0161t\u011bn\u00ed uspokojiv\u00e9ho \u017eivota. Ka\u017ed\u00fdm rokem se tak vedou polemiky, zda je tato \u010d\u00e1stka opravdu odpov\u00eddaj\u00edc\u00ed, vezmeme-li v potaz st\u00e1le rostouc\u00ed ceny potravin, kter\u00e9 se zvy\u0161uj\u00ed neust\u00e1le, a ne pouze jednou za rok, rostouc\u00ed ceny nemovitost\u00ed a n\u00e1jm\u016f a v dne\u0161n\u00ed dob\u011b, kdy p\u0159ich\u00e1z\u00ed velk\u00e1 spousta zam\u011bstnanc\u016f o svou pr\u00e1ci a mus\u00ed zajistit sv\u00fdm d\u011btem p\u0159\u00edstup k distan\u010dn\u00ed v\u00fduce, se tato problematika je\u0161t\u011b v\u00edce vyhrocuje.Dal\u0161\u00edm pojmem, kter\u00fd je velice podobn\u00fd, ov\u0161em ozna\u010duje trochu n\u011bco jin\u00e9ho a je tak tedy \u010dasto s minim\u00e1ln\u00ed mzdou zam\u011b\u0148ov\u00e1n, je mzda zaru\u010den\u00e1. Tento pojem ozna\u010duje \u010d\u00e1stku, kter\u00e1 ze z\u00e1kona n\u00e1le\u017e\u00ed zam\u011bstnanci, kter\u00fd pob\u00edr\u00e1 plat. Jedn\u00e1 se tedy o nejni\u017e\u0161\u00ed mo\u017enou \u010d\u00e1stku za pr\u00e1ci ur\u010dit\u00e9 slo\u017eitosti, n\u00e1ro\u010dnosti anebo t\u0159eba odpov\u011bdnosti. Na z\u00e1klad\u011b t\u011bchto faktor\u016f je stanoveno celkem 8 skupin, kde je p\u0159esn\u011b stanovena v\u00fd\u0161e zaru\u010den\u00e9 mzdy.                                                                                                                                                                                                                                                                                                                                                                                          3.2\/5 - (4 votes)        "},{"@context":"https:\/\/schema.org\/","@type":"BreadcrumbList","itemListElement":[{"@type":"ListItem","position":1,"name":"Ach, ta minim\u00e1ln\u00ed mzda","item":"https:\/\/www.ardia.cz\/ach-ta-minimalni-mzda\/#breadcrumbitem"}]}]